{"id":1633,"date":"2024-06-17T10:15:56","date_gmt":"2024-06-17T10:15:56","guid":{"rendered":"https:\/\/www.tiskara-grafing.hr\/?p=1633"},"modified":"2024-12-03T10:11:13","modified_gmt":"2024-12-03T10:11:13","slug":"potpora-eu-fonda-za-regionalni-razvoj","status":"publish","type":"post","link":"https:\/\/www.tiskara-grafing.hr\/de\/potpora-eu-fonda-za-regionalni-razvoj\/","title":{"rendered":"Unterst\u00fctzung durch den Europ\u00e4ischen Fonds f\u00fcr regionale Entwicklung"},"content":{"rendered":"<p>Unterst\u00fctzung durch den Europ\u00e4ischen Fonds f\u00fcr regionale Entwicklung<\/p>\n<p><img loading=\"lazy\" decoding=\"async\" class=\"aligncenter wp-image-686 size-full\" src=\"https:\/\/www.tiskara-grafing.hr\/wp-content\/uploads\/2024\/06\/EU-fondovi.jpg\" alt=\"\" width=\"1600\" height=\"1200\" \/><\/p>\n<p>Das Projekt wurde von der Europ\u00e4ischen Union aus dem Europ\u00e4ischen Fonds f\u00fcr regionale Entwicklung kofinanziert.<\/p>\n<p><strong>Projekttitel:<\/strong> Beschaffung von Maschinen zur Ausf\u00fchrung hochkomplexer Aufgaben in der Druckindustrie.<\/p>\n<p><strong>Kurze Projektbeschreibung:<\/strong> Am 04.06.2019 unterzeichnete der Gewerbebetrieb Grafing, Inhaber Sini\u0161a Cizel, einen Vertrag mit dem Ministerium f\u00fcr Wirtschaft, Unternehmertum und Gewerbe sowie der Kroatischen Agentur f\u00fcr kleine Unternehmen, Innovationen und Investitionen \u00fcber die Gew\u00e4hrung von Zusch\u00fcssen zur Durchf\u00fchrung des Projekts mit dem Titel \u201eBeschaffung von Maschinen zur Ausf\u00fchrung hochkomplexer Aufgaben in der Druckindustrie\u201c, Vertragsreferenznummer KK.03.2.1.15.0098. Die Umsetzung des Projekts wird im Finanzierungszeitraum 2014-2020 durch den Europ\u00e4ischen Struktur- und Investitionsfonds kofinanziert.<\/p>\n<p>Im Rahmen dieses Projekts werden die folgenden Ziele verfolgt: Steigerung der Wettbewerbsf\u00e4higkeit, Erh\u00f6hung der Produktionskapazit\u00e4t, Erweiterung des Produktsortiments, Herstellung neuer Produkte (wie z. B. Booklets), die derzeit in Kroatien nicht produziert werden, Ausbau der technologischen Kapazit\u00e4ten und des Fachwissens, Weiterbildung der Mitarbeiter, Schaffung neuer Arbeitspl\u00e4tze sowie eine Steigerung der Umsatzerl\u00f6se und Zunahme der \u00a0Exportums\u00e4tze. Die Hauptzielgruppen des Projekts sind: Kunden, Lieferanten, Mitarbeiter und die lokale Gemeinschaft.<\/p>\n<p><strong>Die Projektziele beinhalten:<\/strong> eine Steigerung der Umsatzerl\u00f6se um 31 % im Jahr 2022 im Vergleich zu 2017, eine Steigerung der Exportums\u00e4tze um 31 % im Jahr 2022 im Vergleich zu 2017, die Schaffung von 12 neuen Arbeitspl\u00e4tzen bis 2022 im Vergleich zu 2017, die Verst\u00e4rkung der Marktbearbeitung durch den Ausbau des Direktvertriebs und gezielte Werbung \u00fcber die Webseite, die Sicherstellung der Qualit\u00e4t neuer Produkte und Dienstleistungen sowie die Fokussierung auf Zielm\u00e4rkte in Kroatien und im Ausland.<\/p>\n<p><strong>Erwartete Projektergebnisse:<\/strong><\/p>\n<ul>\n<li>Steigerung des Umsatzerl\u00f6se<\/li>\n<li>Steigerung der Exportums\u00e4tze<\/li>\n<li>Schaffung neuer Arbeitspl\u00e4tze<\/li>\n<\/ul>\n<p><strong>Projektgesamtwert:<\/strong> 19.414.136,25 HRK<br \/>\n<strong>EU-Kofinanzierung:<\/strong> 8.813.317,25 HRK<\/p>\n<p><strong>Projektzeitraum:<\/strong> 13.05.2019 bis 13.05.2022<\/p>\n<p><strong>Kontaktperson f\u00fcr weitere Informationen:<\/strong> Darija Kukec,E-Mail: <a href=\"mailto:darija@tiskara-grafing.hr\">darija@tiskara-grafing.hr<\/a>, Tel.: +385 16189014.<\/p>\n<p>Weitere Informationen finden Sie auf: <a href=\"https:\/\/strukturnifondovi.hr\/\/\">\u00a0www.strukturnifondovi.hr<\/a> und unter <a href=\"https:\/\/strukturnifondovi.hr\/natjecaji\/izgradnja-i-opremanje-proizvodnih-kapaciteta-msp-kk-03-2-1-15\/\">\u00a0https:\/\/strukturnifondovi.hr\/natjecaji\/izgradnja-i-opremanje-proizvodnih-kapaciteta-msp-kk-03-2-1-15\/<\/a>.<\/p>\n<p>Der Inhalt dieser Ver\u00f6ffentlichung liegt in der alleinigen Verantwortung des Gewerbebetriebs Grafing, Inhaber Sini\u0161a Cizel.<\/p>\n","protected":false},"excerpt":{"rendered":"<p>Unterst\u00fctzung durch den Europ\u00e4ischen Fonds f\u00fcr regionale Entwicklung Das Projekt wurde von der Europ\u00e4ischen Union aus dem Europ\u00e4ischen Fonds f\u00fcr regionale Entwicklung kofinanziert. Projekttitel: Beschaffung von Maschinen zur Ausf\u00fchrung hochkomplexer Aufgaben in der Druckindustrie. Kurze Projektbeschreibung: Am 04.06.2019 unterzeichnete der Gewerbebetrieb Grafing, Inhaber Sini\u0161a Cizel, einen Vertrag mit dem Ministerium f\u00fcr Wirtschaft, Unternehmertum und Gewerbe<\/p>\n","protected":false},"author":1,"featured_media":1689,"comment_status":"open","ping_status":"open","sticky":false,"template":"","format":"standard","meta":{"_acf_changed":false,"footnotes":""},"categories":[23],"tags":[],"class_list":["post-1633","post","type-post","status-publish","format-standard","has-post-thumbnail","hentry","category-eu-projekt-de"],"acf":[],"yoast_head":"<!-- This site is optimized with the Yoast SEO plugin v26.4 - https:\/\/yoast.com\/wordpress\/plugins\/seo\/ -->\n<title>Unterst\u00fctzung durch den Europ\u00e4ischen Fonds f\u00fcr regionale Entwicklung - Tiskara Grafing<\/title>\n<meta name=\"robots\" content=\"index, follow, max-snippet:-1, max-image-preview:large, max-video-preview:-1\" \/>\n<link rel=\"canonical\" href=\"https:\/\/www.tiskara-grafing.hr\/de\/potpora-eu-fonda-za-regionalni-razvoj\/\" \/>\n<meta property=\"og:locale\" content=\"de_DE\" \/>\n<meta property=\"og:type\" content=\"article\" \/>\n<meta property=\"og:title\" content=\"Unterst\u00fctzung durch den Europ\u00e4ischen Fonds f\u00fcr regionale Entwicklung - Tiskara Grafing\" \/>\n<meta property=\"og:description\" content=\"Unterst\u00fctzung durch den Europ\u00e4ischen Fonds f\u00fcr regionale Entwicklung Das Projekt wurde von der Europ\u00e4ischen Union aus dem Europ\u00e4ischen Fonds f\u00fcr regionale Entwicklung kofinanziert. Projekttitel: Beschaffung von Maschinen zur Ausf\u00fchrung hochkomplexer Aufgaben in der Druckindustrie. Kurze Projektbeschreibung: Am 04.06.2019 unterzeichnete der Gewerbebetrieb Grafing, Inhaber Sini\u0161a Cizel, einen Vertrag mit dem Ministerium f\u00fcr Wirtschaft, Unternehmertum und Gewerbe\" \/>\n<meta property=\"og:url\" content=\"https:\/\/www.tiskara-grafing.hr\/de\/potpora-eu-fonda-za-regionalni-razvoj\/\" \/>\n<meta property=\"og:site_name\" content=\"Tiskara Grafing\" \/>\n<meta property=\"article:publisher\" content=\"https:\/\/www.facebook.com\/profile.php?id=100090347031683\" \/>\n<meta property=\"article:published_time\" content=\"2024-06-17T10:15:56+00:00\" \/>\n<meta property=\"article:modified_time\" content=\"2024-12-03T10:11:13+00:00\" \/>\n<meta property=\"og:image\" content=\"https:\/\/www.tiskara-grafing.hr\/wp-content\/uploads\/2024\/06\/Union-Europea.jpg\" \/>\n\t<meta property=\"og:image:width\" content=\"1200\" \/>\n\t<meta property=\"og:image:height\" content=\"734\" \/>\n\t<meta property=\"og:image:type\" content=\"image\/jpeg\" \/>\n<meta name=\"author\" content=\"vt_admin\" \/>\n<meta name=\"twitter:card\" content=\"summary_large_image\" \/>\n<meta name=\"twitter:label1\" content=\"Verfasst von\" \/>\n\t<meta name=\"twitter:data1\" content=\"vt_admin\" \/>\n\t<meta name=\"twitter:label2\" content=\"Gesch\u00e4tzte Lesezeit\" \/>\n\t<meta name=\"twitter:data2\" content=\"2\u00a0Minuten\" \/>\n<script type=\"application\/ld+json\" class=\"yoast-schema-graph\">{\"@context\":\"https:\/\/schema.org\",\"@graph\":[{\"@type\":\"Article\",\"@id\":\"https:\/\/www.tiskara-grafing.hr\/de\/potpora-eu-fonda-za-regionalni-razvoj\/#article\",\"isPartOf\":{\"@id\":\"https:\/\/www.tiskara-grafing.hr\/de\/potpora-eu-fonda-za-regionalni-razvoj\/\"},\"author\":{\"name\":\"vt_admin\",\"@id\":\"https:\/\/www.tiskara-grafing.hr\/#\/schema\/person\/af52b24be846d020bac825fabe02c66f\"},\"headline\":\"Unterst\u00fctzung durch den Europ\u00e4ischen Fonds f\u00fcr regionale Entwicklung\",\"datePublished\":\"2024-06-17T10:15:56+00:00\",\"dateModified\":\"2024-12-03T10:11:13+00:00\",\"mainEntityOfPage\":{\"@id\":\"https:\/\/www.tiskara-grafing.hr\/de\/potpora-eu-fonda-za-regionalni-razvoj\/\"},\"wordCount\":340,\"commentCount\":0,\"publisher\":{\"@id\":\"https:\/\/www.tiskara-grafing.hr\/#organization\"},\"image\":{\"@id\":\"https:\/\/www.tiskara-grafing.hr\/de\/potpora-eu-fonda-za-regionalni-razvoj\/#primaryimage\"},\"thumbnailUrl\":\"https:\/\/www.tiskara-grafing.hr\/wp-content\/uploads\/2024\/06\/Union-Europea.jpg\",\"articleSection\":[\"EU-Projekt\"],\"inLanguage\":\"de\",\"potentialAction\":[{\"@type\":\"CommentAction\",\"name\":\"Comment\",\"target\":[\"https:\/\/www.tiskara-grafing.hr\/de\/potpora-eu-fonda-za-regionalni-razvoj\/#respond\"]}]},{\"@type\":\"WebPage\",\"@id\":\"https:\/\/www.tiskara-grafing.hr\/de\/potpora-eu-fonda-za-regionalni-razvoj\/\",\"url\":\"https:\/\/www.tiskara-grafing.hr\/de\/potpora-eu-fonda-za-regionalni-razvoj\/\",\"name\":\"Unterst\u00fctzung durch den Europ\u00e4ischen Fonds f\u00fcr regionale Entwicklung - Tiskara Grafing\",\"isPartOf\":{\"@id\":\"https:\/\/www.tiskara-grafing.hr\/#website\"},\"primaryImageOfPage\":{\"@id\":\"https:\/\/www.tiskara-grafing.hr\/de\/potpora-eu-fonda-za-regionalni-razvoj\/#primaryimage\"},\"image\":{\"@id\":\"https:\/\/www.tiskara-grafing.hr\/de\/potpora-eu-fonda-za-regionalni-razvoj\/#primaryimage\"},\"thumbnailUrl\":\"https:\/\/www.tiskara-grafing.hr\/wp-content\/uploads\/2024\/06\/Union-Europea.jpg\",\"datePublished\":\"2024-06-17T10:15:56+00:00\",\"dateModified\":\"2024-12-03T10:11:13+00:00\",\"breadcrumb\":{\"@id\":\"https:\/\/www.tiskara-grafing.hr\/de\/potpora-eu-fonda-za-regionalni-razvoj\/#breadcrumb\"},\"inLanguage\":\"de\",\"potentialAction\":[{\"@type\":\"ReadAction\",\"target\":[\"https:\/\/www.tiskara-grafing.hr\/de\/potpora-eu-fonda-za-regionalni-razvoj\/\"]}]},{\"@type\":\"ImageObject\",\"inLanguage\":\"de\",\"@id\":\"https:\/\/www.tiskara-grafing.hr\/de\/potpora-eu-fonda-za-regionalni-razvoj\/#primaryimage\",\"url\":\"https:\/\/www.tiskara-grafing.hr\/wp-content\/uploads\/2024\/06\/Union-Europea.jpg\",\"contentUrl\":\"https:\/\/www.tiskara-grafing.hr\/wp-content\/uploads\/2024\/06\/Union-Europea.jpg\",\"width\":1200,\"height\":734},{\"@type\":\"BreadcrumbList\",\"@id\":\"https:\/\/www.tiskara-grafing.hr\/de\/potpora-eu-fonda-za-regionalni-razvoj\/#breadcrumb\",\"itemListElement\":[{\"@type\":\"ListItem\",\"position\":1,\"name\":\"Po\u010detna stranica\",\"item\":\"https:\/\/www.tiskara-grafing.hr\/de\/\"},{\"@type\":\"ListItem\",\"position\":2,\"name\":\"Unterst\u00fctzung durch den Europ\u00e4ischen Fonds f\u00fcr regionale Entwicklung\"}]},{\"@type\":\"WebSite\",\"@id\":\"https:\/\/www.tiskara-grafing.hr\/#website\",\"url\":\"https:\/\/www.tiskara-grafing.hr\/\",\"name\":\"Tiskara Grafing\",\"description\":\"\",\"publisher\":{\"@id\":\"https:\/\/www.tiskara-grafing.hr\/#organization\"},\"potentialAction\":[{\"@type\":\"SearchAction\",\"target\":{\"@type\":\"EntryPoint\",\"urlTemplate\":\"https:\/\/www.tiskara-grafing.hr\/?s={search_term_string}\"},\"query-input\":{\"@type\":\"PropertyValueSpecification\",\"valueRequired\":true,\"valueName\":\"search_term_string\"}}],\"inLanguage\":\"de\"},{\"@type\":\"Organization\",\"@id\":\"https:\/\/www.tiskara-grafing.hr\/#organization\",\"name\":\"Tiskara Grafing\",\"url\":\"https:\/\/www.tiskara-grafing.hr\/\",\"logo\":{\"@type\":\"ImageObject\",\"inLanguage\":\"de\",\"@id\":\"https:\/\/www.tiskara-grafing.hr\/#\/schema\/logo\/image\/\",\"url\":\"https:\/\/www.tiskara-grafing.hr\/wp-content\/uploads\/2024\/06\/grafing-logo_header.png\",\"contentUrl\":\"https:\/\/www.tiskara-grafing.hr\/wp-content\/uploads\/2024\/06\/grafing-logo_header.png\",\"width\":89,\"height\":89,\"caption\":\"Tiskara Grafing\"},\"image\":{\"@id\":\"https:\/\/www.tiskara-grafing.hr\/#\/schema\/logo\/image\/\"},\"sameAs\":[\"https:\/\/www.facebook.com\/profile.php?id=100090347031683\"]},{\"@type\":\"Person\",\"@id\":\"https:\/\/www.tiskara-grafing.hr\/#\/schema\/person\/af52b24be846d020bac825fabe02c66f\",\"name\":\"vt_admin\",\"image\":{\"@type\":\"ImageObject\",\"inLanguage\":\"de\",\"@id\":\"https:\/\/www.tiskara-grafing.hr\/#\/schema\/person\/image\/\",\"url\":\"https:\/\/secure.gravatar.com\/avatar\/6a18ccaf1d1f6c7ee0db43e21020edc24f271d512dee8ee6cb55048d414a7334?s=96&d=mm&r=g\",\"contentUrl\":\"https:\/\/secure.gravatar.com\/avatar\/6a18ccaf1d1f6c7ee0db43e21020edc24f271d512dee8ee6cb55048d414a7334?s=96&d=mm&r=g\",\"caption\":\"vt_admin\"},\"sameAs\":[\"https:\/\/www.tiskara-grafing.hr\"],\"url\":\"https:\/\/www.tiskara-grafing.hr\/de\/author\/vt_admin\/\"}]}<\/script>\n<!-- \/ Yoast SEO plugin. -->","yoast_head_json":{"title":"Unterst\u00fctzung durch den Europ\u00e4ischen Fonds f\u00fcr regionale Entwicklung - Tiskara Grafing","robots":{"index":"index","follow":"follow","max-snippet":"max-snippet:-1","max-image-preview":"max-image-preview:large","max-video-preview":"max-video-preview:-1"},"canonical":"https:\/\/www.tiskara-grafing.hr\/de\/potpora-eu-fonda-za-regionalni-razvoj\/","og_locale":"de_DE","og_type":"article","og_title":"Unterst\u00fctzung durch den Europ\u00e4ischen Fonds f\u00fcr regionale Entwicklung - Tiskara Grafing","og_description":"Unterst\u00fctzung durch den Europ\u00e4ischen Fonds f\u00fcr regionale Entwicklung Das Projekt wurde von der Europ\u00e4ischen Union aus dem Europ\u00e4ischen Fonds f\u00fcr regionale Entwicklung kofinanziert. Projekttitel: Beschaffung von Maschinen zur Ausf\u00fchrung hochkomplexer Aufgaben in der Druckindustrie. Kurze Projektbeschreibung: Am 04.06.2019 unterzeichnete der Gewerbebetrieb Grafing, Inhaber Sini\u0161a Cizel, einen Vertrag mit dem Ministerium f\u00fcr Wirtschaft, Unternehmertum und Gewerbe","og_url":"https:\/\/www.tiskara-grafing.hr\/de\/potpora-eu-fonda-za-regionalni-razvoj\/","og_site_name":"Tiskara Grafing","article_publisher":"https:\/\/www.facebook.com\/profile.php?id=100090347031683","article_published_time":"2024-06-17T10:15:56+00:00","article_modified_time":"2024-12-03T10:11:13+00:00","og_image":[{"width":1200,"height":734,"url":"https:\/\/www.tiskara-grafing.hr\/wp-content\/uploads\/2024\/06\/Union-Europea.jpg","type":"image\/jpeg"}],"author":"vt_admin","twitter_card":"summary_large_image","twitter_misc":{"Verfasst von":"vt_admin","Gesch\u00e4tzte Lesezeit":"2\u00a0Minuten"},"schema":{"@context":"https:\/\/schema.org","@graph":[{"@type":"Article","@id":"https:\/\/www.tiskara-grafing.hr\/de\/potpora-eu-fonda-za-regionalni-razvoj\/#article","isPartOf":{"@id":"https:\/\/www.tiskara-grafing.hr\/de\/potpora-eu-fonda-za-regionalni-razvoj\/"},"author":{"name":"vt_admin","@id":"https:\/\/www.tiskara-grafing.hr\/#\/schema\/person\/af52b24be846d020bac825fabe02c66f"},"headline":"Unterst\u00fctzung durch den Europ\u00e4ischen Fonds f\u00fcr regionale Entwicklung","datePublished":"2024-06-17T10:15:56+00:00","dateModified":"2024-12-03T10:11:13+00:00","mainEntityOfPage":{"@id":"https:\/\/www.tiskara-grafing.hr\/de\/potpora-eu-fonda-za-regionalni-razvoj\/"},"wordCount":340,"commentCount":0,"publisher":{"@id":"https:\/\/www.tiskara-grafing.hr\/#organization"},"image":{"@id":"https:\/\/www.tiskara-grafing.hr\/de\/potpora-eu-fonda-za-regionalni-razvoj\/#primaryimage"},"thumbnailUrl":"https:\/\/www.tiskara-grafing.hr\/wp-content\/uploads\/2024\/06\/Union-Europea.jpg","articleSection":["EU-Projekt"],"inLanguage":"de","potentialAction":[{"@type":"CommentAction","name":"Comment","target":["https:\/\/www.tiskara-grafing.hr\/de\/potpora-eu-fonda-za-regionalni-razvoj\/#respond"]}]},{"@type":"WebPage","@id":"https:\/\/www.tiskara-grafing.hr\/de\/potpora-eu-fonda-za-regionalni-razvoj\/","url":"https:\/\/www.tiskara-grafing.hr\/de\/potpora-eu-fonda-za-regionalni-razvoj\/","name":"Unterst\u00fctzung durch den Europ\u00e4ischen Fonds f\u00fcr regionale Entwicklung - Tiskara Grafing","isPartOf":{"@id":"https:\/\/www.tiskara-grafing.hr\/#website"},"primaryImageOfPage":{"@id":"https:\/\/www.tiskara-grafing.hr\/de\/potpora-eu-fonda-za-regionalni-razvoj\/#primaryimage"},"image":{"@id":"https:\/\/www.tiskara-grafing.hr\/de\/potpora-eu-fonda-za-regionalni-razvoj\/#primaryimage"},"thumbnailUrl":"https:\/\/www.tiskara-grafing.hr\/wp-content\/uploads\/2024\/06\/Union-Europea.jpg","datePublished":"2024-06-17T10:15:56+00:00","dateModified":"2024-12-03T10:11:13+00:00","breadcrumb":{"@id":"https:\/\/www.tiskara-grafing.hr\/de\/potpora-eu-fonda-za-regionalni-razvoj\/#breadcrumb"},"inLanguage":"de","potentialAction":[{"@type":"ReadAction","target":["https:\/\/www.tiskara-grafing.hr\/de\/potpora-eu-fonda-za-regionalni-razvoj\/"]}]},{"@type":"ImageObject","inLanguage":"de","@id":"https:\/\/www.tiskara-grafing.hr\/de\/potpora-eu-fonda-za-regionalni-razvoj\/#primaryimage","url":"https:\/\/www.tiskara-grafing.hr\/wp-content\/uploads\/2024\/06\/Union-Europea.jpg","contentUrl":"https:\/\/www.tiskara-grafing.hr\/wp-content\/uploads\/2024\/06\/Union-Europea.jpg","width":1200,"height":734},{"@type":"BreadcrumbList","@id":"https:\/\/www.tiskara-grafing.hr\/de\/potpora-eu-fonda-za-regionalni-razvoj\/#breadcrumb","itemListElement":[{"@type":"ListItem","position":1,"name":"Po\u010detna stranica","item":"https:\/\/www.tiskara-grafing.hr\/de\/"},{"@type":"ListItem","position":2,"name":"Unterst\u00fctzung durch den Europ\u00e4ischen Fonds f\u00fcr regionale Entwicklung"}]},{"@type":"WebSite","@id":"https:\/\/www.tiskara-grafing.hr\/#website","url":"https:\/\/www.tiskara-grafing.hr\/","name":"Tiskara Grafing","description":"","publisher":{"@id":"https:\/\/www.tiskara-grafing.hr\/#organization"},"potentialAction":[{"@type":"SearchAction","target":{"@type":"EntryPoint","urlTemplate":"https:\/\/www.tiskara-grafing.hr\/?s={search_term_string}"},"query-input":{"@type":"PropertyValueSpecification","valueRequired":true,"valueName":"search_term_string"}}],"inLanguage":"de"},{"@type":"Organization","@id":"https:\/\/www.tiskara-grafing.hr\/#organization","name":"Tiskara Grafing","url":"https:\/\/www.tiskara-grafing.hr\/","logo":{"@type":"ImageObject","inLanguage":"de","@id":"https:\/\/www.tiskara-grafing.hr\/#\/schema\/logo\/image\/","url":"https:\/\/www.tiskara-grafing.hr\/wp-content\/uploads\/2024\/06\/grafing-logo_header.png","contentUrl":"https:\/\/www.tiskara-grafing.hr\/wp-content\/uploads\/2024\/06\/grafing-logo_header.png","width":89,"height":89,"caption":"Tiskara Grafing"},"image":{"@id":"https:\/\/www.tiskara-grafing.hr\/#\/schema\/logo\/image\/"},"sameAs":["https:\/\/www.facebook.com\/profile.php?id=100090347031683"]},{"@type":"Person","@id":"https:\/\/www.tiskara-grafing.hr\/#\/schema\/person\/af52b24be846d020bac825fabe02c66f","name":"vt_admin","image":{"@type":"ImageObject","inLanguage":"de","@id":"https:\/\/www.tiskara-grafing.hr\/#\/schema\/person\/image\/","url":"https:\/\/secure.gravatar.com\/avatar\/6a18ccaf1d1f6c7ee0db43e21020edc24f271d512dee8ee6cb55048d414a7334?s=96&d=mm&r=g","contentUrl":"https:\/\/secure.gravatar.com\/avatar\/6a18ccaf1d1f6c7ee0db43e21020edc24f271d512dee8ee6cb55048d414a7334?s=96&d=mm&r=g","caption":"vt_admin"},"sameAs":["https:\/\/www.tiskara-grafing.hr"],"url":"https:\/\/www.tiskara-grafing.hr\/de\/author\/vt_admin\/"}]}},"_links":{"self":[{"href":"https:\/\/www.tiskara-grafing.hr\/de\/wp-json\/wp\/v2\/posts\/1633","targetHints":{"allow":["GET"]}}],"collection":[{"href":"https:\/\/www.tiskara-grafing.hr\/de\/wp-json\/wp\/v2\/posts"}],"about":[{"href":"https:\/\/www.tiskara-grafing.hr\/de\/wp-json\/wp\/v2\/types\/post"}],"author":[{"embeddable":true,"href":"https:\/\/www.tiskara-grafing.hr\/de\/wp-json\/wp\/v2\/users\/1"}],"replies":[{"embeddable":true,"href":"https:\/\/www.tiskara-grafing.hr\/de\/wp-json\/wp\/v2\/comments?post=1633"}],"version-history":[{"count":7,"href":"https:\/\/www.tiskara-grafing.hr\/de\/wp-json\/wp\/v2\/posts\/1633\/revisions"}],"predecessor-version":[{"id":2145,"href":"https:\/\/www.tiskara-grafing.hr\/de\/wp-json\/wp\/v2\/posts\/1633\/revisions\/2145"}],"wp:featuredmedia":[{"embeddable":true,"href":"https:\/\/www.tiskara-grafing.hr\/de\/wp-json\/wp\/v2\/media\/1689"}],"wp:attachment":[{"href":"https:\/\/www.tiskara-grafing.hr\/de\/wp-json\/wp\/v2\/media?parent=1633"}],"wp:term":[{"taxonomy":"category","embeddable":true,"href":"https:\/\/www.tiskara-grafing.hr\/de\/wp-json\/wp\/v2\/categories?post=1633"},{"taxonomy":"post_tag","embeddable":true,"href":"https:\/\/www.tiskara-grafing.hr\/de\/wp-json\/wp\/v2\/tags?post=1633"}],"curies":[{"name":"wp","href":"https:\/\/api.w.org\/{rel}","templated":true}]}}